

{"id":16385,"date":"2022-12-15T21:25:13","date_gmt":"2022-12-15T20:25:13","guid":{"rendered":"https:\/\/neu.luwianstudies.org\/ivo-hajnala-gumus-buyuk-onur-madalyasi-verildi\/"},"modified":"2022-12-15T21:25:13","modified_gmt":"2022-12-15T20:25:13","slug":"ivo-hajnala-gumus-buyuk-onur-madalyasi-verildi","status":"publish","type":"post","link":"https:\/\/luwianstudies.org\/tr\/ivo-hajnala-gumus-buyuk-onur-madalyasi-verildi\/","title":{"rendered":"Ivo Hajnal\u2019a g\u00fcm\u00fc\u015f b\u00fcy\u00fck onur madalyas\u0131 verildi"},"content":{"rendered":"<p>\u0130nnsbruck \u00dcniversitesi dilbilimcisi ve Luwian Studies Vakf\u0131 Y\u00f6netim Kurulu \u00dcyesi Ivo Hajnal, 14 Aral\u0131k 2022&#8217;de Avusturya Cumhuriyeti\u2019ne Hizmetlerinden Dolay\u0131 G\u00fcm\u00fc\u015f B\u00fcy\u00fck Onur Madalyas\u0131 ile \u00f6d\u00fcllendirildi. Bu prestijli \u00f6d\u00fcl, Innsbruck \u00dcniversitesi Rekt\u00f6r\u00fc Tilmann M\u00e4rk taraf\u0131ndan Avusturya Federal Cumhurba\u015fkan\u0131 ad\u0131na takdim edildi. \u00d6d\u00fcl Ivo Hajnal\u2019\u0131n akademideki \u00fcst\u00fcn ba\u015far\u0131lar\u0131n\u0131 ve 2005-2019 y\u0131llar\u0131 aras\u0131nda Innsbruck \u00dcniversitesi Akademik Senato Ba\u015fkan\u0131 olarak g\u00f6rev yapmas\u0131n\u0131, Avusturya-\u0130srail Akademik A\u011f\u0131 Innsbruck\u2019un kurulmas\u0131na \u00f6nc\u00fcl\u00fck etmesini takdir amac\u0131yla verilmi\u015ftir.  <\/p>\n<p>Rekt\u00f6r Tilmann M\u00e4rk, \u00f6d\u00fcl t\u00f6reninde \u015funlar\u0131 s\u00f6yledi: \u201cIvo Hajnal, modern dilbilimin t\u00fcm alanlar\u0131nda \u00f6nemli katk\u0131larda bulunmu\u015ftur. \u00c7al\u0131\u015fmalar\u0131, genellikle sosyal a\u00e7\u0131dan son derece \u00f6nemli konulara dair teorilerin ve say\u0131sal verilerin \u00f6zg\u00fcn bile\u015fimlerini i\u00e7ermektedir.\u201d Tarihsel-kar\u015f\u0131la\u015ft\u0131rmal\u0131 dilbilim alan\u0131nda yay\u0131mlad\u0131\u011f\u0131 \u00e7ok say\u0131da makaleyle uluslararas\u0131 alanda tan\u0131nan bir Hint-Avrupa dilbilimcisi olan Ivo Hajnal genel ve uygulamal\u0131 dilbilim alan\u0131nda da \u00f6nemli katk\u0131lar sunmu\u015ftur.  <\/p>\n<p>&nbsp;<\/p>\n","protected":false},"excerpt":{"rendered":"<p>\u0130nnsbruck \u00dcniversitesi dilbilimcisi ve Luwian Studies Vakf\u0131 Y\u00f6netim Kurulu \u00dcyesi Ivo Hajnal, 14 Aral\u0131k 2022&#8217;de Avusturya Cumhuriyeti\u2019ne Hizmetlerinden Dolay\u0131 G\u00fcm\u00fc\u015f B\u00fcy\u00fck Onur Madalyas\u0131 ile \u00f6d\u00fcllendirildi. Bu prestijli \u00f6d\u00fcl, Innsbruck \u00dcniversitesi Rekt\u00f6r\u00fc Tilmann M\u00e4rk taraf\u0131ndan Avusturya Federal Cumhurba\u015fkan\u0131 ad\u0131na takdim edildi. \u00d6d\u00fcl Ivo Hajnal\u2019\u0131n akademideki \u00fcst\u00fcn ba\u015far\u0131lar\u0131n\u0131 ve 2005-2019 y\u0131llar\u0131 aras\u0131nda Innsbruck \u00dcniversitesi Akademik Senato Ba\u015fkan\u0131 [&hellip;]<\/p>\n","protected":false},"author":7,"featured_media":15639,"comment_status":"closed","ping_status":"closed","sticky":false,"template":"elementor_theme","format":"standard","meta":{"iawp_total_views":10,"footnotes":""},"categories":[68],"tags":[],"class_list":["post-16385","post","type-post","status-publish","format-standard","has-post-thumbnail","hentry","category-haber-arsivi-ingilizce"],"_links":{"self":[{"href":"https:\/\/luwianstudies.org\/tr\/wp-json\/wp\/v2\/posts\/16385","targetHints":{"allow":["GET"]}}],"collection":[{"href":"https:\/\/luwianstudies.org\/tr\/wp-json\/wp\/v2\/posts"}],"about":[{"href":"https:\/\/luwianstudies.org\/tr\/wp-json\/wp\/v2\/types\/post"}],"author":[{"embeddable":true,"href":"https:\/\/luwianstudies.org\/tr\/wp-json\/wp\/v2\/users\/7"}],"replies":[{"embeddable":true,"href":"https:\/\/luwianstudies.org\/tr\/wp-json\/wp\/v2\/comments?post=16385"}],"version-history":[{"count":0,"href":"https:\/\/luwianstudies.org\/tr\/wp-json\/wp\/v2\/posts\/16385\/revisions"}],"wp:featuredmedia":[{"embeddable":true,"href":"https:\/\/luwianstudies.org\/tr\/wp-json\/wp\/v2\/media\/15639"}],"wp:attachment":[{"href":"https:\/\/luwianstudies.org\/tr\/wp-json\/wp\/v2\/media?parent=16385"}],"wp:term":[{"taxonomy":"category","embeddable":true,"href":"https:\/\/luwianstudies.org\/tr\/wp-json\/wp\/v2\/categories?post=16385"},{"taxonomy":"post_tag","embeddable":true,"href":"https:\/\/luwianstudies.org\/tr\/wp-json\/wp\/v2\/tags?post=16385"}],"curies":[{"name":"wp","href":"https:\/\/api.w.org\/{rel}","templated":true}]}}