

{"id":16556,"date":"2019-11-19T18:38:06","date_gmt":"2019-11-19T17:38:06","guid":{"rendered":"https:\/\/neu.luwianstudies.org\/istanbulda-konferans-yeri-degisikligi\/"},"modified":"2019-11-19T18:38:06","modified_gmt":"2019-11-19T17:38:06","slug":"istanbulda-konferans-yeri-degisikligi","status":"publish","type":"post","link":"https:\/\/luwianstudies.org\/tr\/istanbulda-konferans-yeri-degisikligi\/","title":{"rendered":"\u0130stanbul\u2019da konferans yeri de\u011fi\u015fikli\u011fi"},"content":{"rendered":"<p>Eberhard Zangger\u2019in \u201cKay\u0131p Uygarl\u0131klar\u0131n \u0130zinde: Hititlerde G\u00fcne\u015f, Ay ve Tanr\u0131lar\u201d ba\u015fl\u0131kl\u0131 konferans\u0131n\u0131n, 21 Kas\u0131m Per\u015fembe g\u00fcn\u00fc saat 14:00\u2019te \u0130stanbul \u00dcniversitesi\u2019nde d\u00fczenlenmesi planlanm\u0131\u015ft\u0131. Ancak, son dakika de\u011fi\u015fikli\u011fiyle konferans art\u0131k \u0130stanbul \u00dcniversitesi\u2019nde de\u011fil, tam kar\u015f\u0131s\u0131ndaki Celal A\u011fa Kona\u011f\u0131 Oteli\u2019nin konferans salonunda (Kemal Pa\u015fa, \u015eehzadeba\u015f\u0131 Cd. No:1, 34134 Fatih\/\u0130stanbul) ger\u00e7ekle\u015ftirilecektir. Konferans\u0131n 14:30\u2019da ba\u015flayacakt\u0131r.  <\/p>\n<p>Bu konferans, \u0130stanbul \u00dcniversitesi Edebiyat Fak\u00fcltesi\u2019nden bir \u00f6\u011fretim \u00fcyesinin daveti \u00fczerine planlanm\u0131\u015f ve afi\u015flerle geni\u015f \u00e7apta duyurulmu\u015ftu. Ancak, Hititoloji Anabilim Dal\u0131 Ba\u015fkanl\u0131\u011f\u0131 taraf\u0131ndan Facebook \u00fczerinden yap\u0131lan bir payla\u015f\u0131m ile davetin geri \u00e7ekilmesi nedeniyle mek\u00e2n de\u011fi\u015fikli\u011fi zorunlu hale gelmi\u015ftir. <\/p>\n<p><strong>Konferans, \u0130ngilizce olarak ger\u00e7ekle\u015ftirilecek ve e\u015f zamanl\u0131 olarak T\u00fcrk\u00e7eye \u00e7evrilecektir.<\/strong><\/p>\n<p>22 Kas\u0131m Cuma g\u00fcn\u00fc saat 16:00\u2019da Galatasaray \u00dcniversitesi\u2019nde (oda 107) yap\u0131lacak konferans\u0131n yeri ve saati ise de\u011fi\u015fmemi\u015ftir.<\/p>\n","protected":false},"excerpt":{"rendered":"<p>Eberhard Zangger\u2019in \u201cKay\u0131p Uygarl\u0131klar\u0131n \u0130zinde: Hititlerde G\u00fcne\u015f, Ay ve Tanr\u0131lar\u201d ba\u015fl\u0131kl\u0131 konferans\u0131n\u0131n, 21 Kas\u0131m Per\u015fembe g\u00fcn\u00fc saat 14:00\u2019te \u0130stanbul \u00dcniversitesi\u2019nde d\u00fczenlenmesi planlanm\u0131\u015ft\u0131. Ancak, son dakika de\u011fi\u015fikli\u011fiyle konferans art\u0131k \u0130stanbul \u00dcniversitesi\u2019nde de\u011fil, tam kar\u015f\u0131s\u0131ndaki Celal A\u011fa Kona\u011f\u0131 Oteli\u2019nin konferans salonunda (Kemal Pa\u015fa, \u015eehzadeba\u015f\u0131 Cd. No:1, 34134 Fatih\/\u0130stanbul) ger\u00e7ekle\u015ftirilecektir. Konferans\u0131n 14:30\u2019da ba\u015flayacakt\u0131r. Bu konferans, \u0130stanbul \u00dcniversitesi Edebiyat [&hellip;]<\/p>\n","protected":false},"author":7,"featured_media":15559,"comment_status":"closed","ping_status":"closed","sticky":false,"template":"elementor_theme","format":"standard","meta":{"iawp_total_views":7,"footnotes":""},"categories":[68],"tags":[],"class_list":["post-16556","post","type-post","status-publish","format-standard","has-post-thumbnail","hentry","category-haber-arsivi-ingilizce"],"_links":{"self":[{"href":"https:\/\/luwianstudies.org\/tr\/wp-json\/wp\/v2\/posts\/16556","targetHints":{"allow":["GET"]}}],"collection":[{"href":"https:\/\/luwianstudies.org\/tr\/wp-json\/wp\/v2\/posts"}],"about":[{"href":"https:\/\/luwianstudies.org\/tr\/wp-json\/wp\/v2\/types\/post"}],"author":[{"embeddable":true,"href":"https:\/\/luwianstudies.org\/tr\/wp-json\/wp\/v2\/users\/7"}],"replies":[{"embeddable":true,"href":"https:\/\/luwianstudies.org\/tr\/wp-json\/wp\/v2\/comments?post=16556"}],"version-history":[{"count":0,"href":"https:\/\/luwianstudies.org\/tr\/wp-json\/wp\/v2\/posts\/16556\/revisions"}],"wp:featuredmedia":[{"embeddable":true,"href":"https:\/\/luwianstudies.org\/tr\/wp-json\/wp\/v2\/media\/15559"}],"wp:attachment":[{"href":"https:\/\/luwianstudies.org\/tr\/wp-json\/wp\/v2\/media?parent=16556"}],"wp:term":[{"taxonomy":"category","embeddable":true,"href":"https:\/\/luwianstudies.org\/tr\/wp-json\/wp\/v2\/categories?post=16556"},{"taxonomy":"post_tag","embeddable":true,"href":"https:\/\/luwianstudies.org\/tr\/wp-json\/wp\/v2\/tags?post=16556"}],"curies":[{"name":"wp","href":"https:\/\/api.w.org\/{rel}","templated":true}]}}