

{"id":16628,"date":"2017-12-07T19:51:51","date_gmt":"2017-12-07T18:51:51","guid":{"rendered":"https:\/\/neu.luwianstudies.org\/nzz-geschichte-luvi-uygarliginin-kesfine-dair-panel-tartismasi\/"},"modified":"2017-12-07T19:51:51","modified_gmt":"2017-12-07T18:51:51","slug":"nzz-geschichte-luvi-uygarliginin-kesfine-dair-panel-tartismasi","status":"publish","type":"post","link":"https:\/\/luwianstudies.org\/tr\/nzz-geschichte-luvi-uygarliginin-kesfine-dair-panel-tartismasi\/","title":{"rendered":"NZZ Geschichte \u2013 Luvi uygarl\u0131\u011f\u0131n\u0131n ke\u015ffine dair panel tart\u0131\u015fmas\u0131"},"content":{"rendered":"<p>27 Kas\u0131m 2017\u2019de, NZZ Geschichte dergisinin genel yay\u0131n y\u00f6netmeni Peer Teuwsen\u2019in moderat\u00f6rl\u00fc\u011f\u00fcnde, edebiyat bilimci Jan Philipp Reemtsma ve jeoarkeolog Eberhard Zangger\u2019in kat\u0131l\u0131m\u0131yla bir panel tart\u0131\u015fmas\u0131 ger\u00e7ekle\u015ftirildi. 80 \u0130svi\u00e7re frang\u0131 gibi y\u00fcksek bir giri\u015f \u00fccretine ra\u011fmen NZZ Foyer\u2019deki 140 ki\u015filik salon neredeyse tamamen doluydu. Panelde Luvi uygarl\u0131\u011f\u0131na y\u00f6nelik ara\u015ft\u0131rmalar yakla\u015f\u0131k bir bu\u00e7uk saat boyunca ele al\u0131nd\u0131. Tart\u0131\u015fma k\u0131sa s\u00fcrede bilimde yeni sorular ve sonu\u00e7larla nas\u0131l ba\u015fa \u00e7\u0131k\u0131lmas\u0131 gerekti\u011fi konusuna odakland\u0131. Jan Philipp Reemtsma, Amerikal\u0131 bilim felsefecisi Thomas Kuhn\u2019un paradigmalarla ilgili teorisini hat\u0131rlatarak, bilimsel ilerlemenin belirli ve \u00f6nceden tan\u0131mlanm\u0131\u015f sorulara ve y\u00f6ntemlere dayal\u0131 olarak s\u00fcrd\u00fc\u011f\u00fcn\u00fc belirtti. Ancak, bir noktada mevcut y\u00f6ntemlerle yan\u0131tlanabilecek t\u00fcm sorular \u00e7\u00f6z\u00fcld\u00fc\u011f\u00fcnde, genellikle d\u0131\u015far\u0131dan gelen ara\u015ft\u0131rmac\u0131lar ya da farkl\u0131 disiplinlerden bilim insanlar\u0131 yeni sorular sormaya ve yepyeni y\u00f6ntemler \u00f6nermeye ba\u015flar.      <\/p>\n<p>Tart\u0131\u015fman\u0131n bir b\u00f6l\u00fcm\u00fcn\u00fc i\u00e7eren video, etkinlikten kesitler sunmaktad\u0131r.<\/p>\n<p>&nbsp;<\/p>\n<div class=\"brlbs-cmpnt-container brlbs-cmpnt-content-blocker brlbs-cmpnt-with-individual-styles\" data-borlabs-cookie-content-blocker-id=\"default\" data-borlabs-cookie-content=\"PGlmcmFtZSBzcmM9Imh0dHBzOi8vd3d3LnlvdXR1YmUuY29tL2VtYmVkL1AyRzZlQWRLakhzIiB3aWR0aD0iNTYwIiBoZWlnaHQ9IjMxNSIgZnJhbWVib3JkZXI9IjAiIGFsbG93ZnVsbHNjcmVlbj0iYWxsb3dmdWxsc2NyZWVuIj48L2lmcmFtZT4=\">\n<div class=\"brlbs-cmpnt-cb-preset-a\">\n<p class=\"brlbs-cmpnt-cb-description\">You are currently viewing a placeholder content from <strong>Default<\/strong>. To access the actual content, click the button below. Please note that doing so will share data with third-party providers.<\/p>\n<div class=\"brlbs-cmpnt-cb-buttons\"> <a class=\"brlbs-cmpnt-cb-btn\" href=\"#\" data-borlabs-cookie-unblock role=\"button\">Unblock content<\/a> <a class=\"brlbs-cmpnt-cb-btn\" href=\"#\" data-borlabs-cookie-accept-service role=\"button\" style=\"display: none\">Accept required service and unblock content<\/a> <\/div>\n<p> <a class=\"brlbs-cmpnt-cb-provider-toggle\" href=\"#\" data-borlabs-cookie-show-provider-information role=\"button\">More Information<\/a> <\/div>\n<\/div>\n<p style=\"padding-left: 420px;\"><em>\u00a9orellfuessliverlag<\/em><\/p>\n","protected":false},"excerpt":{"rendered":"<p>27 Kas\u0131m 2017\u2019de, NZZ Geschichte dergisinin genel yay\u0131n y\u00f6netmeni Peer Teuwsen\u2019in moderat\u00f6rl\u00fc\u011f\u00fcnde, edebiyat bilimci Jan Philipp Reemtsma ve jeoarkeolog Eberhard Zangger\u2019in kat\u0131l\u0131m\u0131yla bir panel tart\u0131\u015fmas\u0131 ger\u00e7ekle\u015ftirildi. 80 \u0130svi\u00e7re frang\u0131 gibi y\u00fcksek bir giri\u015f \u00fccretine ra\u011fmen NZZ Foyer\u2019deki 140 ki\u015filik salon neredeyse tamamen doluydu. Panelde Luvi uygarl\u0131\u011f\u0131na y\u00f6nelik ara\u015ft\u0131rmalar yakla\u015f\u0131k bir bu\u00e7uk saat boyunca ele al\u0131nd\u0131. [&hellip;]<\/p>\n","protected":false},"author":7,"featured_media":15497,"comment_status":"closed","ping_status":"closed","sticky":false,"template":"elementor_theme","format":"standard","meta":{"iawp_total_views":10,"footnotes":""},"categories":[68],"tags":[],"class_list":["post-16628","post","type-post","status-publish","format-standard","has-post-thumbnail","hentry","category-haber-arsivi-ingilizce"],"_links":{"self":[{"href":"https:\/\/luwianstudies.org\/tr\/wp-json\/wp\/v2\/posts\/16628","targetHints":{"allow":["GET"]}}],"collection":[{"href":"https:\/\/luwianstudies.org\/tr\/wp-json\/wp\/v2\/posts"}],"about":[{"href":"https:\/\/luwianstudies.org\/tr\/wp-json\/wp\/v2\/types\/post"}],"author":[{"embeddable":true,"href":"https:\/\/luwianstudies.org\/tr\/wp-json\/wp\/v2\/users\/7"}],"replies":[{"embeddable":true,"href":"https:\/\/luwianstudies.org\/tr\/wp-json\/wp\/v2\/comments?post=16628"}],"version-history":[{"count":0,"href":"https:\/\/luwianstudies.org\/tr\/wp-json\/wp\/v2\/posts\/16628\/revisions"}],"wp:featuredmedia":[{"embeddable":true,"href":"https:\/\/luwianstudies.org\/tr\/wp-json\/wp\/v2\/media\/15497"}],"wp:attachment":[{"href":"https:\/\/luwianstudies.org\/tr\/wp-json\/wp\/v2\/media?parent=16628"}],"wp:term":[{"taxonomy":"category","embeddable":true,"href":"https:\/\/luwianstudies.org\/tr\/wp-json\/wp\/v2\/categories?post=16628"},{"taxonomy":"post_tag","embeddable":true,"href":"https:\/\/luwianstudies.org\/tr\/wp-json\/wp\/v2\/tags?post=16628"}],"curies":[{"name":"wp","href":"https:\/\/api.w.org\/{rel}","templated":true}]}}